{"id":66823,"date":"2024-08-25T09:33:43","date_gmt":"2024-08-25T09:33:43","guid":{"rendered":"https:\/\/playinsoccer.com\/?p=66823"},"modified":"2024-08-25T09:33:43","modified_gmt":"2024-08-25T09:33:43","slug":"dembele-completes-first-training-session-at-fc-barcelona","status":"publish","type":"post","link":"https:\/\/playinsoccer.com\/?p=66823","title":{"rendered":"Demb\u00e9l\u00e9 completes first training session at FC Barcelona"},"content":{"rendered":"<p><iframe loading=\"lazy\"  width=\"580\" height=\"385\" src=\"https:\/\/www.youtube.com\/embed\/wJ9xKX2CCs0?rel=0&#038;modestbranding=1\" frameborder=\"0\" allowfullscreen><\/iframe><br \/>\n<br \/>Ousmane Demb\u00e9l\u00e9 appeared on Monday wearing an FC Barcelona strip for the first time, but while on that occasion it was a ceremonial gesture, on Tuesday it was for the real thing as he joined his new team-mates for training at the Ciutat Esportiva Joan Gamper.<br \/>\nOr at least those that are in town at the moment, for the bulk of the first team squad have departed to start preparations for World Cup qualifiers with their national teams, meaning that the small group of available players was joined for today\u2019s workout by Gerard L\u00f3pez and his Bar\u00e7a B squad.<br \/>\nAnd Demb\u00e9l\u00e9 wasn\u2019t the only new face on show. Jose Arnaiz of the reserves was also training for the first time with his new colleagues.<br \/>\nMarlon Santos was missing with special permission from the club, which is sorting out negotiations for his loan to French outfit Nice.<br \/>\n&#8212;-<br \/>\nOusmane Demb\u00e9l\u00e9 ya viste como azulgrana, y este martes por la ma\u00f1ana se ha ejercitado en el c\u00e9sped de la Ciudad Deportiva Joan Gamper. El jugador franc\u00e9s ha completado la primera sesi\u00f3n como jugador del FC Barcelona despu\u00e9s de que este lunes fuera presentado en el Camp Nou y firmara su contrato como barcelonista. En esta primera jornada Demb\u00e9l\u00e9 ha recibido el calor de la afici\u00f3n cul\u00e9 y ha pisado por primera vez el c\u00e9sped del Camp Nou con la camiseta del Bar\u00e7a, luciendo el dorsal &#8217;11&#8217;.<br \/>\nEn la sesi\u00f3n de este martes se han ejercitado los jugadores disponibles del primer equipo conjuntamente con el Bar\u00e7a B. Cabe destacar que la \u00faltima incorporaci\u00f3n del conjunto dirigido por Gerard L\u00f3pez, Jose Arnaiz, se ha entrenado por primera vez como barcelonista. Marlon no se ha entrenado con permiso del Club, ya que est\u00e1 pendiente de cerrar su cesi\u00f3n al Niza.<br \/>\n&#8212;-<br \/>\nFC Barcelona on Social Media<br \/>\nSubscribe to our official channel http:\/\/www.youtube.com\/subscription_center?add_user=fcbarcelona<br \/>\nFacebook: http:\/\/www.facebook.com\/fcbarcelona<br \/>\nTwitter: http:\/\/twitter.com\/FCBarcelona<br \/>\nGoogle+: http:\/\/plus.google.com\/+FCBarcelona<br \/>\nInstagram: http:\/\/www.instagram.com\/FCBarcelona<br \/>\n<br \/><a href=\"https:\/\/www.youtube.com\/watch?v=wJ9xKX2CCs0\">source<\/a><\/p>\n","protected":false},"excerpt":{"rendered":"<p>Ousmane Demb\u00e9l\u00e9 appeared on Monday wearing an FC Barcelona strip for the first time, but while on that occasion it was a ceremonial gesture, on Tuesday it was for the&#8230; <\/p>\n","protected":false},"author":21,"featured_media":66824,"comment_status":"closed","ping_status":"closed","sticky":false,"template":"","format":"standard","meta":{"footnotes":""},"categories":[1],"tags":[],"class_list":["post-66823","post","type-post","status-publish","format-standard","has-post-thumbnail","hentry","category-soccer-world-wide"],"_links":{"self":[{"href":"https:\/\/playinsoccer.com\/index.php?rest_route=\/wp\/v2\/posts\/66823","targetHints":{"allow":["GET"]}}],"collection":[{"href":"https:\/\/playinsoccer.com\/index.php?rest_route=\/wp\/v2\/posts"}],"about":[{"href":"https:\/\/playinsoccer.com\/index.php?rest_route=\/wp\/v2\/types\/post"}],"author":[{"embeddable":true,"href":"https:\/\/playinsoccer.com\/index.php?rest_route=\/wp\/v2\/users\/21"}],"replies":[{"embeddable":true,"href":"https:\/\/playinsoccer.com\/index.php?rest_route=%2Fwp%2Fv2%2Fcomments&post=66823"}],"version-history":[{"count":0,"href":"https:\/\/playinsoccer.com\/index.php?rest_route=\/wp\/v2\/posts\/66823\/revisions"}],"wp:featuredmedia":[{"embeddable":true,"href":"https:\/\/playinsoccer.com\/index.php?rest_route=\/wp\/v2\/media\/66824"}],"wp:attachment":[{"href":"https:\/\/playinsoccer.com\/index.php?rest_route=%2Fwp%2Fv2%2Fmedia&parent=66823"}],"wp:term":[{"taxonomy":"category","embeddable":true,"href":"https:\/\/playinsoccer.com\/index.php?rest_route=%2Fwp%2Fv2%2Fcategories&post=66823"},{"taxonomy":"post_tag","embeddable":true,"href":"https:\/\/playinsoccer.com\/index.php?rest_route=%2Fwp%2Fv2%2Ftags&post=66823"}],"curies":[{"name":"wp","href":"https:\/\/api.w.org\/{rel}","templated":true}]}}