{"id":58449,"date":"2024-07-05T09:11:34","date_gmt":"2024-07-05T09:11:34","guid":{"rendered":"https:\/\/playinsoccer.com\/?p=58449"},"modified":"2024-07-05T09:11:34","modified_gmt":"2024-07-05T09:11:34","slug":"fc-barcelona-dream-team-el-somni-que-va-canviar-el-futbol","status":"publish","type":"post","link":"https:\/\/playinsoccer.com\/?p=58449","title":{"rendered":"FC Barcelona &#8211; Dream Team: el somni que va canviar el futbol"},"content":{"rendered":"<p><iframe loading=\"lazy\"  width=\"580\" height=\"385\" src=\"https:\/\/www.youtube.com\/embed\/d5hIMjXaEH4?rel=0&#038;modestbranding=1\" frameborder=\"0\" allowfullscreen><\/iframe><br \/>\n<br \/>Amb motiu dels 25 anys de la primera Lliga del Dream Team de Johan Cruyff, Bar\u00e7a TV ha produ\u00eft un documental que repassa les claus d\u2019aquell magn\u00edfic equip a trav\u00e9s del testimoni de diversos jugadors i entrenadors rivals d\u2019aquella \u00e8poca. Sota el t\u00edtol El somni que va canviar el futbol, personalitats del m\u00f3n del futbol com Michael Robinson, Abel Resino, Mijatovic, Fran Gonz\u00e1lez, Suker, aix\u00ed com jugadors del m\u00e0xim rival, el Reial Madrid, com Butrague\u00f1o o Fernando Hierro, expliquen, des del seu punt de vista, la grandesa d\u2019un equip que va marcar una \u00e8poca.<br \/>\nAra, 25 anys despr\u00e9s, Bar\u00e7a TV rescata el testimoni d\u2019alguns dels jugadors que van patir la for\u00e7a d\u2019un Bar\u00e7a campi\u00f3, aix\u00ed com el de porters rivals que van rebre els gols dels Koeman, St\u00f3itxkov, Txiki Begiristain o Rom\u00e1rio. No et perdis el documental El somni que va canviar el futbol, que posa l\u2019ull en una altra perspectiva de la hist\u00f2ria.<br \/>\n&#8212;-<br \/>\nFC Barcelona on Social Media<br \/>\nSubscribe to our official channel http:\/\/www.youtube.com\/subscription_center?add_user=fcbarcelona<br \/>\nFacebook: http:\/\/www.facebook.com\/fcbarcelona<br \/>\nTwitter: http:\/\/twitter.com\/FCBarcelona<br \/>\nGoogle+: http:\/\/plus.google.com\/+FCBarcelona<br \/>\nInstagram: http:\/\/www.instagram.com\/FCBarcelona<br \/>\n<br \/><a href=\"https:\/\/www.youtube.com\/watch?v=d5hIMjXaEH4\">source<\/a><\/p>\n","protected":false},"excerpt":{"rendered":"<p>Amb motiu dels 25 anys de la primera Lliga del Dream Team de Johan Cruyff, Bar\u00e7a TV ha produ\u00eft un documental que repassa les claus d\u2019aquell magn\u00edfic equip a trav\u00e9s&#8230; <\/p>\n","protected":false},"author":21,"featured_media":58450,"comment_status":"closed","ping_status":"closed","sticky":false,"template":"","format":"standard","meta":{"footnotes":""},"categories":[1],"tags":[],"class_list":["post-58449","post","type-post","status-publish","format-standard","has-post-thumbnail","hentry","category-soccer-world-wide"],"_links":{"self":[{"href":"https:\/\/playinsoccer.com\/index.php?rest_route=\/wp\/v2\/posts\/58449","targetHints":{"allow":["GET"]}}],"collection":[{"href":"https:\/\/playinsoccer.com\/index.php?rest_route=\/wp\/v2\/posts"}],"about":[{"href":"https:\/\/playinsoccer.com\/index.php?rest_route=\/wp\/v2\/types\/post"}],"author":[{"embeddable":true,"href":"https:\/\/playinsoccer.com\/index.php?rest_route=\/wp\/v2\/users\/21"}],"replies":[{"embeddable":true,"href":"https:\/\/playinsoccer.com\/index.php?rest_route=%2Fwp%2Fv2%2Fcomments&post=58449"}],"version-history":[{"count":0,"href":"https:\/\/playinsoccer.com\/index.php?rest_route=\/wp\/v2\/posts\/58449\/revisions"}],"wp:featuredmedia":[{"embeddable":true,"href":"https:\/\/playinsoccer.com\/index.php?rest_route=\/wp\/v2\/media\/58450"}],"wp:attachment":[{"href":"https:\/\/playinsoccer.com\/index.php?rest_route=%2Fwp%2Fv2%2Fmedia&parent=58449"}],"wp:term":[{"taxonomy":"category","embeddable":true,"href":"https:\/\/playinsoccer.com\/index.php?rest_route=%2Fwp%2Fv2%2Fcategories&post=58449"},{"taxonomy":"post_tag","embeddable":true,"href":"https:\/\/playinsoccer.com\/index.php?rest_route=%2Fwp%2Fv2%2Ftags&post=58449"}],"curies":[{"name":"wp","href":"https:\/\/api.w.org\/{rel}","templated":true}]}}