{"id":32295,"date":"2024-03-18T13:57:51","date_gmt":"2024-03-18T13:57:51","guid":{"rendered":"https:\/\/playinsoccer.com\/?p=32295"},"modified":"2024-03-18T13:57:51","modified_gmt":"2024-03-18T13:57:51","slug":"%f0%9f%8e%a5%f0%9f%98%8a-focus-on-atletico-media-day-%f0%9f%93%b8-fc-barcelona-training-%f0%9f%94%b5%f0%9f%94%b4","status":"publish","type":"post","link":"https:\/\/playinsoccer.com\/?p=32295","title":{"rendered":"\ud83c\udfa5\ud83d\ude0a FOCUS ON ATL\u00c9TICO &#038; MEDIA DAY \ud83d\udcf8 | FC Barcelona training \ud83d\udd35\ud83d\udd34"},"content":{"rendered":"<p><iframe loading=\"lazy\"  width=\"580\" height=\"385\" src=\"https:\/\/www.youtube.com\/embed\/tByzawdC0jk?rel=0&#038;modestbranding=1\" frameborder=\"0\" allowfullscreen><\/iframe><br \/>\n<br \/>On Friday, ahead of the Champions League draw that pits Bar\u00e7a against Paris Saint-Germain, the blaugrana squad held another training session at the Ciutat Esportiva Joan Gamper. The workout was a continuation of the preparations for Sunday&#8217;s La Liga clash with Atl\u00e9tico Madrid in C\u00edvitas Metropolitano stadium. <\/p>\n<p>All the available first team players took part in the session with Ferran Torres also taking part in some of the workout with his team mates. Kochen, Cubars\u00ed, H. Fort, Marc Guiu and M. Casad\u00f3 from Bar\u00e7a Atl\u00e8tic took part in the session as well as U19 players Andr\u00e9s Cuenca and Albert Navarro.<\/p>\n<p>SUBSCRIBE NOW:<br \/>\n\u25b6 https:\/\/www.youtube.com\/user\/fcbarcelona <\/p>\n<p>\u26bd BAR\u00c7ATV+: http:\/\/barca.link\/wT1w30qMyQO\u200b<br \/>\n\ud83d\udc8e Official Culers Membership: http:\/\/barca.link\/plXS30rAhfC\u200b<br \/>\n\ud83c\udf10 Site: http:\/\/www.fcbarcelona.com<br \/>\n\ud83d\udcf1 App: https:\/\/go.onelink.me\/xndC\/DownloadAppYouTube<\/p>\n<p>\ud83d\udd35 Facebook: http:\/\/www.facebook.com\/fcbarcelona<br \/>\n\ud83d\udcf8 Instagram: http:\/\/www.instagram.com\/fcbarcelona<br \/>\n\ud835\udd4f Twitter: http:\/\/twitter.com\/FCBarcelona<br \/>\n\ud83c\udfb6 Tiktok: https:\/\/www.tiktok.com\/@fcbarcelona<br \/>\n\ud83d\udc7e Discord: https:\/\/discord.gg\/fcbarcelonaofficial<\/p>\n<p>\ud83d\udecd Get all official Bar\u00e7a apparel from FC Barcelona&#8217;s online store: http:\/\/barca.link\/j8QH30qQh4Y<br \/>\n\ud83d\udd35\ud83d\udd34 #FCBarcelona<br \/>\n<br \/><a href=\"https:\/\/www.youtube.com\/watch?v=tByzawdC0jk\">source<\/a><\/p>\n","protected":false},"excerpt":{"rendered":"<p>On Friday, ahead of the Champions League draw that pits Bar\u00e7a against Paris Saint-Germain, the blaugrana squad held another training session at the Ciutat Esportiva Joan Gamper. The workout was&#8230; <\/p>\n","protected":false},"author":21,"featured_media":32296,"comment_status":"closed","ping_status":"closed","sticky":false,"template":"","format":"standard","meta":{"footnotes":""},"categories":[1],"tags":[],"class_list":["post-32295","post","type-post","status-publish","format-standard","has-post-thumbnail","hentry","category-soccer-world-wide"],"_links":{"self":[{"href":"https:\/\/playinsoccer.com\/index.php?rest_route=\/wp\/v2\/posts\/32295","targetHints":{"allow":["GET"]}}],"collection":[{"href":"https:\/\/playinsoccer.com\/index.php?rest_route=\/wp\/v2\/posts"}],"about":[{"href":"https:\/\/playinsoccer.com\/index.php?rest_route=\/wp\/v2\/types\/post"}],"author":[{"embeddable":true,"href":"https:\/\/playinsoccer.com\/index.php?rest_route=\/wp\/v2\/users\/21"}],"replies":[{"embeddable":true,"href":"https:\/\/playinsoccer.com\/index.php?rest_route=%2Fwp%2Fv2%2Fcomments&post=32295"}],"version-history":[{"count":0,"href":"https:\/\/playinsoccer.com\/index.php?rest_route=\/wp\/v2\/posts\/32295\/revisions"}],"wp:featuredmedia":[{"embeddable":true,"href":"https:\/\/playinsoccer.com\/index.php?rest_route=\/wp\/v2\/media\/32296"}],"wp:attachment":[{"href":"https:\/\/playinsoccer.com\/index.php?rest_route=%2Fwp%2Fv2%2Fmedia&parent=32295"}],"wp:term":[{"taxonomy":"category","embeddable":true,"href":"https:\/\/playinsoccer.com\/index.php?rest_route=%2Fwp%2Fv2%2Fcategories&post=32295"},{"taxonomy":"post_tag","embeddable":true,"href":"https:\/\/playinsoccer.com\/index.php?rest_route=%2Fwp%2Fv2%2Ftags&post=32295"}],"curies":[{"name":"wp","href":"https:\/\/api.w.org\/{rel}","templated":true}]}}