{"id":20310,"date":"2024-02-16T17:30:09","date_gmt":"2024-02-16T17:30:09","guid":{"rendered":"https:\/\/playinsoccer.com\/?p=20310"},"modified":"2024-02-16T17:30:09","modified_gmt":"2024-02-16T17:30:09","slug":"camp-nou-emotional-mosaic-acapella-anthem-before-el-clasico-first-since-pandemic-%e2%9d%a4%ef%b8%8f","status":"publish","type":"post","link":"https:\/\/playinsoccer.com\/?p=20310","title":{"rendered":"CAMP NOU EMOTIONAL MOSAIC &#038; ACAPELLA ANTHEM BEFORE EL CLASICO (FIRST SINCE PANDEMIC \u2764\ufe0f)"},"content":{"rendered":"<p><iframe loading=\"lazy\"  width=\"580\" height=\"385\" src=\"https:\/\/www.youtube.com\/embed\/ry4-MZAUj4o?rel=0&#038;modestbranding=1\" frameborder=\"0\" allowfullscreen><\/iframe><br \/>\n<br \/>The FC Barcelona fans were the centre of attention in the moments leading up to kick off in the Cl\u00e1sico. Before the Bar\u00e7a &#8211; Real Madrid clash, the message was clear: &#8216;Bar\u00e7a, ara i sempre&#8217;. For\u00e7a Bar\u00e7a!<\/p>\n<p>SUBSCRIBE NOW:<br \/>\n\u25b6 https:\/\/www.youtube.com\/user\/fcbarcelona <\/p>\n<p>\u26bd BAR\u00c7ATV+: http:\/\/barca.link\/wT1w30qMyQO\u200b<br \/>\n\ud83d\udc8e Official Culers Membership: http:\/\/barca.link\/plXS30rAhfC\u200b<br \/>\n\ud83c\udf10 Site: http:\/\/www.fcbarcelona.com<br \/>\n\ud83d\udcf1 App: https:\/\/go.onelink.me\/xndC\/DownloadAppYouTube<\/p>\n<p>\ud83d\udd35 Facebook: http:\/\/www.facebook.com\/fcbarcelona<br \/>\n\ud83d\udcf8 Instagram: http:\/\/www.instagram.com\/fcbarcelona<br \/>\n\ud83d\udc26 Twitter: http:\/\/twitter.com\/FCBarcelona<br \/>\n\ud83c\udfb6 Tiktok: https:\/\/www.tiktok.com\/@fcbarcelona<br \/>\n\ud83d\udcf1 Viber: http:\/\/chats.viber.com\/fcbarcelona<\/p>\n<p>\ud83d\udecd Get all official Bar\u00e7a apparel from FC Barcelona&#8217;s online store: http:\/\/barca.link\/j8QH30qQh4Y<br \/>\n\ud83d\udd35\ud83d\udd34 #FCBarcelona<br \/>\n<br \/><a href=\"https:\/\/www.youtube.com\/watch?v=ry4-MZAUj4o\">source<\/a><\/p>\n","protected":false},"excerpt":{"rendered":"<p>The FC Barcelona fans were the centre of attention in the moments leading up to kick off in the Cl\u00e1sico. Before the Bar\u00e7a &#8211; Real Madrid clash, the message was&#8230; <\/p>\n","protected":false},"author":21,"featured_media":20311,"comment_status":"closed","ping_status":"closed","sticky":false,"template":"","format":"standard","meta":{"footnotes":""},"categories":[1],"tags":[],"class_list":["post-20310","post","type-post","status-publish","format-standard","has-post-thumbnail","hentry","category-soccer-world-wide"],"_links":{"self":[{"href":"https:\/\/playinsoccer.com\/index.php?rest_route=\/wp\/v2\/posts\/20310","targetHints":{"allow":["GET"]}}],"collection":[{"href":"https:\/\/playinsoccer.com\/index.php?rest_route=\/wp\/v2\/posts"}],"about":[{"href":"https:\/\/playinsoccer.com\/index.php?rest_route=\/wp\/v2\/types\/post"}],"author":[{"embeddable":true,"href":"https:\/\/playinsoccer.com\/index.php?rest_route=\/wp\/v2\/users\/21"}],"replies":[{"embeddable":true,"href":"https:\/\/playinsoccer.com\/index.php?rest_route=%2Fwp%2Fv2%2Fcomments&post=20310"}],"version-history":[{"count":0,"href":"https:\/\/playinsoccer.com\/index.php?rest_route=\/wp\/v2\/posts\/20310\/revisions"}],"wp:featuredmedia":[{"embeddable":true,"href":"https:\/\/playinsoccer.com\/index.php?rest_route=\/wp\/v2\/media\/20311"}],"wp:attachment":[{"href":"https:\/\/playinsoccer.com\/index.php?rest_route=%2Fwp%2Fv2%2Fmedia&parent=20310"}],"wp:term":[{"taxonomy":"category","embeddable":true,"href":"https:\/\/playinsoccer.com\/index.php?rest_route=%2Fwp%2Fv2%2Fcategories&post=20310"},{"taxonomy":"post_tag","embeddable":true,"href":"https:\/\/playinsoccer.com\/index.php?rest_route=%2Fwp%2Fv2%2Ftags&post=20310"}],"curies":[{"name":"wp","href":"https:\/\/api.w.org\/{rel}","templated":true}]}}