{"id":170082,"date":"2026-04-29T08:57:46","date_gmt":"2026-04-29T08:57:46","guid":{"rendered":"https:\/\/playinsoccer.com\/?p=170082"},"modified":"2026-04-29T08:57:46","modified_gmt":"2026-04-29T08:57:46","slug":"%f0%9f%94%a5-match-preview-fc-barcelona-vs-celta-de-vigo%f0%9f%94%a5-laliga-25-26-%f0%9f%94%b5%f0%9f%94%b4","status":"publish","type":"post","link":"https:\/\/playinsoccer.com\/?p=170082","title":{"rendered":"\ud83d\udd25 MATCH PREVIEW: FC BARCELONA vs CELTA DE VIGO\ud83d\udd25 | LALIGA 25\/26 \ud83d\udd35\ud83d\udd34"},"content":{"rendered":"<p><iframe loading=\"lazy\"  width=\"580\" height=\"385\" src=\"https:\/\/www.youtube.com\/embed\/nuyP9tfdb2k?rel=0&#038;modestbranding=1\" frameborder=\"0\" allowfullscreen><\/iframe><br \/>\n<br \/>La Liga returns after a weekend off due to the Copa del Rey final with a Wednesday game for Bar\u00e7a at home to Celta Vigo, kick off 9.30pm CEST at Spotify Camp Nou. The squad held their final training session on Tuesday ahead of the game at the Ciutat Esportiva Joan Gamper with all the available first team players involved. Also present were Tommy, Kochen, Cort\u00e9s and Xavi Espart from the Bar\u00e7a Atl\u00e8tic squad. <\/p>\n<p>SUBSCRIBE NOW:<br \/>\n\u25b6 www.youtube.com\/user\/fcbarcelona <\/p>\n<p>\ud83d\udd25Join as a member \ud83d\udc49 https:\/\/youtube.com\/fcbarcelona\/join<br \/>\n\ud83d\udcf1 App: http:\/\/barca.link\/kXum50R6rNO<br \/>\n\ud83c\udf10 Site: www.fcbarcelona.com<br \/>\n\ud83d\udcf8 Instagram: http:\/\/www.instagram.com\/fcbarcelona<br \/>\n\ud835\udd4f X: https:\/\/x.com\/FCBarcelona<br \/>\n\ud83c\udfb6 Tiktok: https:\/\/www.tiktok.com\/@fcbarcelona<br \/>\n\ud83d\udd35 Facebook: http:\/\/www.facebook.com\/fcbarcelona<br \/>\n\ud83d\udc7e Discord: https:\/\/discord.gg\/fcbarcelonaofficial<br \/>\n\ud83d\udecd Get all official Bar\u00e7a apparel from FC Barcelona&#8217;s online store: http:\/\/barca.link\/j8QH30qQh4Y<br \/>\n\ud83d\udd35\ud83d\udd34 #FCBarcelona<br \/>\n<br \/><a href=\"https:\/\/www.youtube.com\/watch?v=nuyP9tfdb2k\">source<\/a><\/p>\n","protected":false},"excerpt":{"rendered":"<p>La Liga returns after a weekend off due to the Copa del Rey final with a Wednesday game for Bar\u00e7a at home to Celta Vigo, kick off 9.30pm CEST at&#8230; <\/p>\n","protected":false},"author":21,"featured_media":170083,"comment_status":"closed","ping_status":"closed","sticky":false,"template":"","format":"standard","meta":{"footnotes":""},"categories":[1],"tags":[],"class_list":["post-170082","post","type-post","status-publish","format-standard","has-post-thumbnail","hentry","category-soccer-world-wide"],"_links":{"self":[{"href":"https:\/\/playinsoccer.com\/index.php?rest_route=\/wp\/v2\/posts\/170082","targetHints":{"allow":["GET"]}}],"collection":[{"href":"https:\/\/playinsoccer.com\/index.php?rest_route=\/wp\/v2\/posts"}],"about":[{"href":"https:\/\/playinsoccer.com\/index.php?rest_route=\/wp\/v2\/types\/post"}],"author":[{"embeddable":true,"href":"https:\/\/playinsoccer.com\/index.php?rest_route=\/wp\/v2\/users\/21"}],"replies":[{"embeddable":true,"href":"https:\/\/playinsoccer.com\/index.php?rest_route=%2Fwp%2Fv2%2Fcomments&post=170082"}],"version-history":[{"count":0,"href":"https:\/\/playinsoccer.com\/index.php?rest_route=\/wp\/v2\/posts\/170082\/revisions"}],"wp:featuredmedia":[{"embeddable":true,"href":"https:\/\/playinsoccer.com\/index.php?rest_route=\/wp\/v2\/media\/170083"}],"wp:attachment":[{"href":"https:\/\/playinsoccer.com\/index.php?rest_route=%2Fwp%2Fv2%2Fmedia&parent=170082"}],"wp:term":[{"taxonomy":"category","embeddable":true,"href":"https:\/\/playinsoccer.com\/index.php?rest_route=%2Fwp%2Fv2%2Fcategories&post=170082"},{"taxonomy":"post_tag","embeddable":true,"href":"https:\/\/playinsoccer.com\/index.php?rest_route=%2Fwp%2Fv2%2Ftags&post=170082"}],"curies":[{"name":"wp","href":"https:\/\/api.w.org\/{rel}","templated":true}]}}