{"id":145629,"date":"2025-11-08T10:28:29","date_gmt":"2025-11-08T10:28:29","guid":{"rendered":"https:\/\/playinsoccer.com\/?p=145629"},"modified":"2025-11-08T10:28:29","modified_gmt":"2025-11-08T10:28:29","slug":"el-bunker-%e2%9a%bd-nuevo-jersey-del-tri-%f0%9f%87%b2%f0%9f%87%bd-reacciones-exclusivas-y-el-behind-de-la-sub-15-femenil","status":"publish","type":"post","link":"https:\/\/playinsoccer.com\/?p=145629","title":{"rendered":"El B\u00fanker \u26bd | Nuevo jersey del Tri \ud83c\uddf2\ud83c\uddfd, reacciones exclusivas y el behind de la Sub-15 Femenil"},"content":{"rendered":"<p><iframe loading=\"lazy\"  width=\"580\" height=\"385\" src=\"https:\/\/www.youtube.com\/embed\/lXbRdXr0gsA?rel=0&#038;cc_load_policy=1&#038;modestbranding=1\" frameborder=\"0\" allowfullscreen><\/iframe><br \/>\n<br \/>El Tri tiene nueva piel \ud83c\uddf2\ud83c\uddfd\ud83d\udd25<br \/>\nEn este episodio de El B\u00fanker, Fer Arceo nos muestra todo sobre la presentaci\u00f3n oficial del nuevo jersey de la Selecci\u00f3n Mexicana rumbo al Mundial FIFA 2026 \ud83d\udc55\ud83c\udf0e<\/p>\n<p>Adem\u00e1s, vivimos un behind the scenes exclusivo del partido de la Selecci\u00f3n Sub-15 Femenil en el CAR, y escuchamos las reacciones de jugadores e influencers del mundo futbol\u00edstico mexicano tras conocer la nueva indumentaria del Tri.<\/p>\n<p>\u26bd Pasi\u00f3n, orgullo y contenido que no ver\u00e1s en ning\u00fan otro lugar\u2026<br \/>\n\ud83d\udc49 Suscr\u00edbete y acomp\u00e1\u00f1anos en cada episodio de El B\u00fanker, el espacio oficial de la Selecci\u00f3n Nacional de M\u00e9xico.<\/p>\n<p>#ElB\u00fanker #Selecci\u00f3nMexicana #NuevoJerseyDelTri #Mundial2026 #TriFemenil #FerArceo #CAR #LigaMXFemenil #F\u00fatbolMexicano<\/p>\n<p>S\u00e9 un INCONDICIONAL y suscr\u00edbete a nuestro canal  para saber m\u00e1s de todas las categor\u00edas de la Selecci\u00f3n Nacional Mexicana: https:\/\/www.youtube.com\/@miseleccionmx<\/p>\n<p>\u00a1S\u00edguenos en todas las redes!<br \/>\n<br \/><a href=\"https:\/\/www.youtube.com\/watch?v=lXbRdXr0gsA\">source<\/a><\/p>\n","protected":false},"excerpt":{"rendered":"<p>El Tri tiene nueva piel \ud83c\uddf2\ud83c\uddfd\ud83d\udd25 En este episodio de El B\u00fanker, Fer Arceo nos muestra todo sobre la presentaci\u00f3n oficial del nuevo jersey de la Selecci\u00f3n Mexicana rumbo al&#8230; <\/p>\n","protected":false},"author":23,"featured_media":145630,"comment_status":"closed","ping_status":"closed","sticky":false,"template":"","format":"standard","meta":{"footnotes":""},"categories":[1],"tags":[],"class_list":["post-145629","post","type-post","status-publish","format-standard","has-post-thumbnail","hentry","category-soccer-world-wide"],"_links":{"self":[{"href":"https:\/\/playinsoccer.com\/index.php?rest_route=\/wp\/v2\/posts\/145629","targetHints":{"allow":["GET"]}}],"collection":[{"href":"https:\/\/playinsoccer.com\/index.php?rest_route=\/wp\/v2\/posts"}],"about":[{"href":"https:\/\/playinsoccer.com\/index.php?rest_route=\/wp\/v2\/types\/post"}],"author":[{"embeddable":true,"href":"https:\/\/playinsoccer.com\/index.php?rest_route=\/wp\/v2\/users\/23"}],"replies":[{"embeddable":true,"href":"https:\/\/playinsoccer.com\/index.php?rest_route=%2Fwp%2Fv2%2Fcomments&post=145629"}],"version-history":[{"count":0,"href":"https:\/\/playinsoccer.com\/index.php?rest_route=\/wp\/v2\/posts\/145629\/revisions"}],"wp:featuredmedia":[{"embeddable":true,"href":"https:\/\/playinsoccer.com\/index.php?rest_route=\/wp\/v2\/media\/145630"}],"wp:attachment":[{"href":"https:\/\/playinsoccer.com\/index.php?rest_route=%2Fwp%2Fv2%2Fmedia&parent=145629"}],"wp:term":[{"taxonomy":"category","embeddable":true,"href":"https:\/\/playinsoccer.com\/index.php?rest_route=%2Fwp%2Fv2%2Fcategories&post=145629"},{"taxonomy":"post_tag","embeddable":true,"href":"https:\/\/playinsoccer.com\/index.php?rest_route=%2Fwp%2Fv2%2Ftags&post=145629"}],"curies":[{"name":"wp","href":"https:\/\/api.w.org\/{rel}","templated":true}]}}