{"id":133123,"date":"2025-08-25T07:00:36","date_gmt":"2025-08-25T07:00:36","guid":{"rendered":"https:\/\/playinsoccer.com\/?p=133123"},"modified":"2025-08-25T07:00:36","modified_gmt":"2025-08-25T07:00:36","slug":"%f0%9f%9a%a8-exclusiva-se-retira-pronto-%e2%9a%bd%f0%9f%94%a5-tecatito-corona-habla-sobre-su-futuro-tudn","status":"publish","type":"post","link":"https:\/\/playinsoccer.com\/?p=133123","title":{"rendered":"\ud83d\udea8 EXCLUSIVA: \u00bfSe retira pronto? \u26bd\ud83d\udd25 Tecatito Corona habla sobre su futuro | TUDN"},"content":{"rendered":"<p><iframe loading=\"lazy\"  width=\"580\" height=\"385\" src=\"https:\/\/www.youtube.com\/embed\/8Q6MkN-w47k?rel=0&#038;cc_load_policy=1&#038;modestbranding=1\" frameborder=\"0\" allowfullscreen><\/iframe><br \/>\n<br \/>El futuro de Jes\u00fas \u201cTecatito\u201d Corona genera dudas entre los aficionados \ud83d\ude31\u26bd. En este video, el jugador habla claro sobre los rumores de su retiro y lo que piensa hacer en la recta final de su carrera.<br \/>\nDescubre qu\u00e9 dijo el Tecatito y c\u00f3mo podr\u00eda ser su futuro en la Liga MX y la Selecci\u00f3n Mexicana \ud83c\uddf2\ud83c\uddfd.<\/p>\n<p>S\u00edguenos en nuestras redes sociales:<\/p>\n<p>https:\/\/www.facebook.com\/tudnusa\/<br \/>\nhttps:\/\/www.instagram.com\/tudnusa\/<br \/>\n<a class=\"twitter-timeline\" data-width=\"760\" data-height=\"1000\" data-dnt=\"true\" href=\"https:\/\/twitter.com\/TUDNUSA?ref_src=twsrc%5Etfw\">Tweets by TUDNUSA<\/a><script async src=\"https:\/\/platform.twitter.com\/widgets.js\" charset=\"utf-8\"><\/script><\/p>\n<p>Sitio Web: https:\/\/www.tudn.com\/<\/p>\n<p>TUDN USA te ofrece la cobertura m\u00e1s completa del mundo deportivo con lo mejor del f\u00fatbol mexicano, de Estados Unidos y del mundo, boxeo, UFC, las grandes personalidades del deporte y mucho m\u00e1s.<br \/>\n<br \/><a href=\"https:\/\/www.youtube.com\/watch?v=8Q6MkN-w47k\">source<\/a><\/p>\n","protected":false},"excerpt":{"rendered":"<p>El futuro de Jes\u00fas \u201cTecatito\u201d Corona genera dudas entre los aficionados \ud83d\ude31\u26bd. En este video, el jugador habla claro sobre los rumores de su retiro y lo que piensa hacer&#8230; <\/p>\n","protected":false},"author":26,"featured_media":133124,"comment_status":"closed","ping_status":"closed","sticky":false,"template":"","format":"standard","meta":{"footnotes":""},"categories":[1],"tags":[],"class_list":["post-133123","post","type-post","status-publish","format-standard","has-post-thumbnail","hentry","category-soccer-world-wide"],"_links":{"self":[{"href":"https:\/\/playinsoccer.com\/index.php?rest_route=\/wp\/v2\/posts\/133123","targetHints":{"allow":["GET"]}}],"collection":[{"href":"https:\/\/playinsoccer.com\/index.php?rest_route=\/wp\/v2\/posts"}],"about":[{"href":"https:\/\/playinsoccer.com\/index.php?rest_route=\/wp\/v2\/types\/post"}],"author":[{"embeddable":true,"href":"https:\/\/playinsoccer.com\/index.php?rest_route=\/wp\/v2\/users\/26"}],"replies":[{"embeddable":true,"href":"https:\/\/playinsoccer.com\/index.php?rest_route=%2Fwp%2Fv2%2Fcomments&post=133123"}],"version-history":[{"count":0,"href":"https:\/\/playinsoccer.com\/index.php?rest_route=\/wp\/v2\/posts\/133123\/revisions"}],"wp:featuredmedia":[{"embeddable":true,"href":"https:\/\/playinsoccer.com\/index.php?rest_route=\/wp\/v2\/media\/133124"}],"wp:attachment":[{"href":"https:\/\/playinsoccer.com\/index.php?rest_route=%2Fwp%2Fv2%2Fmedia&parent=133123"}],"wp:term":[{"taxonomy":"category","embeddable":true,"href":"https:\/\/playinsoccer.com\/index.php?rest_route=%2Fwp%2Fv2%2Fcategories&post=133123"},{"taxonomy":"post_tag","embeddable":true,"href":"https:\/\/playinsoccer.com\/index.php?rest_route=%2Fwp%2Fv2%2Ftags&post=133123"}],"curies":[{"name":"wp","href":"https:\/\/api.w.org\/{rel}","templated":true}]}}