{"id":130958,"date":"2025-08-13T08:33:27","date_gmt":"2025-08-13T08:33:27","guid":{"rendered":"https:\/\/playinsoccer.com\/?p=130958"},"modified":"2025-08-13T08:33:27","modified_gmt":"2025-08-13T08:33:27","slug":"countdown-to-kick-off-%e2%8f%b3-fc-barcelona-training-%f0%9f%94%b5%f0%9f%94%b4","status":"publish","type":"post","link":"https:\/\/playinsoccer.com\/?p=130958","title":{"rendered":"COUNTDOWN TO KICK-OFF \u23f3 | FC Barcelona Training \ud83d\udd35\ud83d\udd34"},"content":{"rendered":"<p><iframe loading=\"lazy\"  width=\"580\" height=\"385\" src=\"https:\/\/www.youtube.com\/embed\/jEbRjTppssU?rel=0&#038;modestbranding=1\" frameborder=\"0\" allowfullscreen><\/iframe><br \/>\n<br \/>A new week of training. However, this is now in the lead up to competitive action, with preseason in the rearview mirror, as the LaLiga season starts for Hansi Flick&#8217;s squad on 16 August with a difficult away match in Mallorca. Preparations are under way. The first session of work in the run-up to the competitive action was without the injured Robert Lewandowski. The rest of the blaugrana squad trained on a sunny morning in Barcelona, being joined by the Bar\u00e7a Atl\u00e8tic players Toni Fern\u00e1ndez, Guille Fern\u00e1ndez, Dro and Jofre Torrents. Players who featured on the Asian tour and the Gamper game, with positive vibes ahead of the trip to the Son Moix stadium.<\/p>\n<p>SUBSCRIBE NOW:<br \/>\n\u25b6 www.youtube.com\/user\/fcbarcelona <\/p>\n<p>\ud83d\udcf1 App: http:\/\/barca.link\/kXum50R6rNO<br \/>\n\u26bd Bar\u00e7a One: http:\/\/barca.link\/I32O50QVbj2<br \/>\n\ud83c\udf10 Site: www.fcbarcelona.com<br \/>\n\ud83d\udcf8 Instagram: http:\/\/www.instagram.com\/fcbarcelona<br \/>\n\ud835\udd4f Twitter: http:\/\/twitter.com\/FCBarcelona<br \/>\n\ud83c\udfb6 Tiktok: https:\/\/www.tiktok.com\/@fcbarcelona<br \/>\n\ud83d\udd35 Facebook: http:\/\/www.facebook.com\/fcbarcelona<br \/>\n\ud83d\udc7e Discord: https:\/\/discord.gg\/fcbarcelonaofficial<br \/>\n\ud83d\udecd Get all official Bar\u00e7a apparel from FC Barcelona&#8217;s online store: http:\/\/barca.link\/j8QH30qQh4Y<br \/>\n\ud83d\udd35\ud83d\udd34 #FCBarcelona<br \/>\n<br \/><a href=\"https:\/\/www.youtube.com\/watch?v=jEbRjTppssU\">source<\/a><\/p>\n","protected":false},"excerpt":{"rendered":"<p>A new week of training. However, this is now in the lead up to competitive action, with preseason in the rearview mirror, as the LaLiga season starts for Hansi Flick&#8217;s&#8230; <\/p>\n","protected":false},"author":21,"featured_media":130959,"comment_status":"closed","ping_status":"closed","sticky":false,"template":"","format":"standard","meta":{"footnotes":""},"categories":[1],"tags":[],"class_list":["post-130958","post","type-post","status-publish","format-standard","has-post-thumbnail","hentry","category-soccer-world-wide"],"_links":{"self":[{"href":"https:\/\/playinsoccer.com\/index.php?rest_route=\/wp\/v2\/posts\/130958","targetHints":{"allow":["GET"]}}],"collection":[{"href":"https:\/\/playinsoccer.com\/index.php?rest_route=\/wp\/v2\/posts"}],"about":[{"href":"https:\/\/playinsoccer.com\/index.php?rest_route=\/wp\/v2\/types\/post"}],"author":[{"embeddable":true,"href":"https:\/\/playinsoccer.com\/index.php?rest_route=\/wp\/v2\/users\/21"}],"replies":[{"embeddable":true,"href":"https:\/\/playinsoccer.com\/index.php?rest_route=%2Fwp%2Fv2%2Fcomments&post=130958"}],"version-history":[{"count":0,"href":"https:\/\/playinsoccer.com\/index.php?rest_route=\/wp\/v2\/posts\/130958\/revisions"}],"wp:featuredmedia":[{"embeddable":true,"href":"https:\/\/playinsoccer.com\/index.php?rest_route=\/wp\/v2\/media\/130959"}],"wp:attachment":[{"href":"https:\/\/playinsoccer.com\/index.php?rest_route=%2Fwp%2Fv2%2Fmedia&parent=130958"}],"wp:term":[{"taxonomy":"category","embeddable":true,"href":"https:\/\/playinsoccer.com\/index.php?rest_route=%2Fwp%2Fv2%2Fcategories&post=130958"},{"taxonomy":"post_tag","embeddable":true,"href":"https:\/\/playinsoccer.com\/index.php?rest_route=%2Fwp%2Fv2%2Ftags&post=130958"}],"curies":[{"name":"wp","href":"https:\/\/api.w.org\/{rel}","templated":true}]}}