{"id":112315,"date":"2025-05-15T07:09:26","date_gmt":"2025-05-15T07:09:26","guid":{"rendered":"https:\/\/playinsoccer.com\/?p=112315"},"modified":"2025-05-15T07:09:26","modified_gmt":"2025-05-15T07:09:26","slug":"minutes-silence-for-turkey-syria-earthquake-victims-marcos-alonso-sr-%f0%9f%99%8f-2","status":"publish","type":"post","link":"https:\/\/playinsoccer.com\/?p=112315","title":{"rendered":"MINUTE&#8217;S SILENCE FOR TURKEY &#038; SYRIA EARTHQUAKE VICTIMS + MARCOS ALONSO SR \ud83d\ude4f"},"content":{"rendered":"<p><iframe loading=\"lazy\"  width=\"580\" height=\"385\" src=\"https:\/\/www.youtube.com\/embed\/7QjpqW2Xa8g?rel=0&#038;modestbranding=1\" frameborder=\"0\" allowfullscreen><\/iframe><br \/>\n<br \/>Back in for training at the Ciutat Esportiva. Every available first team player plus Estanis from Bar\u00e7a Atl\u00e8tic and Alarc\u00f3n from the Under-19As trained on the Tito Vilanova pitch today.<\/p>\n<p>SUBSCRIBE NOW:<br \/>\n\u25b6 https:\/\/www.youtube.com\/user\/fcbarcelona <\/p>\n<p>\u26bd BAR\u00c7ATV+: http:\/\/barca.link\/wT1w30qMyQO\u200b<br \/>\n\ud83d\udc8e Official Culers Membership: http:\/\/barca.link\/plXS30rAhfC\u200b<br \/>\n\ud83c\udf10 Site: http:\/\/www.fcbarcelona.com<br \/>\n\ud83d\udcf1 App: https:\/\/go.onelink.me\/xndC\/DownloadAppYouTube<\/p>\n<p>\ud83d\udd35 Facebook: http:\/\/www.facebook.com\/fcbarcelona<br \/>\n\ud83d\udcf8 Instagram: http:\/\/www.instagram.com\/fcbarcelona<br \/>\n\ud83d\udc26 Twitter: http:\/\/twitter.com\/FCBarcelona<br \/>\n\ud83c\udfb6 Tiktok: https:\/\/www.tiktok.com\/@fcbarcelona<br \/>\n\ud83d\udcf1 Viber: http:\/\/chats.viber.com\/fcbarcelona<\/p>\n<p>\ud83d\udecd Get all official Bar\u00e7a apparel from FC Barcelona&#8217;s online store: http:\/\/barca.link\/j8QH30qQh4Y<br \/>\n\ud83d\udd35\ud83d\udd34 #FCBarcelona<br \/>\n<br \/><a href=\"https:\/\/www.youtube.com\/watch?v=7QjpqW2Xa8g\">source<\/a><\/p>\n","protected":false},"excerpt":{"rendered":"<p>Back in for training at the Ciutat Esportiva. Every available first team player plus Estanis from Bar\u00e7a Atl\u00e8tic and Alarc\u00f3n from the Under-19As trained on the Tito Vilanova pitch today&#8230;. <\/p>\n","protected":false},"author":21,"featured_media":112316,"comment_status":"closed","ping_status":"closed","sticky":false,"template":"","format":"standard","meta":{"footnotes":""},"categories":[1],"tags":[],"class_list":["post-112315","post","type-post","status-publish","format-standard","has-post-thumbnail","hentry","category-soccer-world-wide"],"_links":{"self":[{"href":"https:\/\/playinsoccer.com\/index.php?rest_route=\/wp\/v2\/posts\/112315","targetHints":{"allow":["GET"]}}],"collection":[{"href":"https:\/\/playinsoccer.com\/index.php?rest_route=\/wp\/v2\/posts"}],"about":[{"href":"https:\/\/playinsoccer.com\/index.php?rest_route=\/wp\/v2\/types\/post"}],"author":[{"embeddable":true,"href":"https:\/\/playinsoccer.com\/index.php?rest_route=\/wp\/v2\/users\/21"}],"replies":[{"embeddable":true,"href":"https:\/\/playinsoccer.com\/index.php?rest_route=%2Fwp%2Fv2%2Fcomments&post=112315"}],"version-history":[{"count":0,"href":"https:\/\/playinsoccer.com\/index.php?rest_route=\/wp\/v2\/posts\/112315\/revisions"}],"wp:featuredmedia":[{"embeddable":true,"href":"https:\/\/playinsoccer.com\/index.php?rest_route=\/wp\/v2\/media\/112316"}],"wp:attachment":[{"href":"https:\/\/playinsoccer.com\/index.php?rest_route=%2Fwp%2Fv2%2Fmedia&parent=112315"}],"wp:term":[{"taxonomy":"category","embeddable":true,"href":"https:\/\/playinsoccer.com\/index.php?rest_route=%2Fwp%2Fv2%2Fcategories&post=112315"},{"taxonomy":"post_tag","embeddable":true,"href":"https:\/\/playinsoccer.com\/index.php?rest_route=%2Fwp%2Fv2%2Ftags&post=112315"}],"curies":[{"name":"wp","href":"https:\/\/api.w.org\/{rel}","templated":true}]}}